{"id":1816,"date":"2016-06-10T18:21:41","date_gmt":"2016-06-10T17:21:41","guid":{"rendered":"http:\/\/radio.funoc.be\/?p=1816"},"modified":"2018-02-28T09:00:32","modified_gmt":"2018-02-28T08:00:32","slug":"en-construction-le-projet-plan-interactif","status":"publish","type":"post","link":"https:\/\/radio.funoc.be\/?p=1816","title":{"rendered":"Le projet plan interactif"},"content":{"rendered":"<p><img loading=\"lazy\" class=\"alignnone wp-image-2726\" src=\"http:\/\/radio.funoc.be\/wp-content\/uploads\/2018\/02\/1.png\" alt=\"\" width=\"150\" height=\"123\" \/> <strong>Projet r\u00e9alis\u00e9 avec le soutien du FSE<\/strong><\/p>\n<p><img loading=\"lazy\" class=\"alignnone wp-image-1823 size-medium\" src=\"http:\/\/radio.funoc.be\/wp-content\/uploads\/2016\/06\/1-1-300x232.jpg\" alt=\"1\" width=\"300\" height=\"232\" \/> <strong>M\u00e9rite associatif pour radio.funoc.be<\/strong><\/p>\n<!--[if lt IE 9]><script>document.createElement('audio');<\/script><![endif]-->\n<audio class=\"wp-audio-shortcode\" id=\"audio-1816-1\" preload=\"none\" style=\"width: 100%;\" controls=\"controls\"><source type=\"audio\/mpeg\" src=\"http:\/\/radio.funoc.be\/J2016\/1B.mp3?_=1\" \/><a href=\"http:\/\/radio.funoc.be\/J2016\/1B.mp3\">http:\/\/radio.funoc.be\/J2016\/1B.mp3<\/a><\/audio>\n<p>&nbsp;<\/p>\n<p><strong><img loading=\"lazy\" class=\"alignnone wp-image-1841 size-medium\" src=\"http:\/\/radio.funoc.be\/wp-content\/uploads\/2016\/06\/image-300x224.jpeg\" alt=\"image\" width=\"300\" height=\"224\" srcset=\"https:\/\/radio.funoc.be\/wp-content\/uploads\/2016\/06\/image-300x224.jpeg 300w, https:\/\/radio.funoc.be\/wp-content\/uploads\/2016\/06\/image-150x112.jpeg 150w, https:\/\/radio.funoc.be\/wp-content\/uploads\/2016\/06\/image-768x574.jpeg 768w, https:\/\/radio.funoc.be\/wp-content\/uploads\/2016\/06\/image-1024x765.jpeg 1024w, https:\/\/radio.funoc.be\/wp-content\/uploads\/2016\/06\/image-600x448.jpeg 600w, https:\/\/radio.funoc.be\/wp-content\/uploads\/2016\/06\/image-624x466.jpeg 624w\" sizes=\"(max-width: 300px) 100vw, 300px\" \/>\u00a0Au revoir par Justine<\/strong><\/p>\n<audio class=\"wp-audio-shortcode\" id=\"audio-1816-2\" preload=\"none\" style=\"width: 100%;\" controls=\"controls\"><source type=\"audio\/mpeg\" src=\"http:\/\/radio.funoc.be\/J2016\/2J.mp3?_=2\" \/><a href=\"http:\/\/radio.funoc.be\/J2016\/2J.mp3\">http:\/\/radio.funoc.be\/J2016\/2J.mp3<\/a><\/audio>\n<p>&nbsp;<\/p>\n<p><img loading=\"lazy\" class=\"alignnone wp-image-1819 size-medium\" src=\"http:\/\/radio.funoc.be\/wp-content\/uploads\/2016\/06\/1-224x300.jpg\" alt=\"1\" width=\"224\" height=\"300\" srcset=\"https:\/\/radio.funoc.be\/wp-content\/uploads\/2016\/06\/1-224x300.jpg 224w, https:\/\/radio.funoc.be\/wp-content\/uploads\/2016\/06\/1-112x150.jpg 112w, https:\/\/radio.funoc.be\/wp-content\/uploads\/2016\/06\/1-768x1028.jpg 768w, https:\/\/radio.funoc.be\/wp-content\/uploads\/2016\/06\/1-765x1024.jpg 765w, https:\/\/radio.funoc.be\/wp-content\/uploads\/2016\/06\/1-600x803.jpg 600w, https:\/\/radio.funoc.be\/wp-content\/uploads\/2016\/06\/1-624x835.jpg 624w, https:\/\/radio.funoc.be\/wp-content\/uploads\/2016\/06\/1.jpg 1936w\" sizes=\"(max-width: 224px) 100vw, 224px\" \/> <strong>Les lieux culturels par Joeri<\/strong><\/p>\n<audio class=\"wp-audio-shortcode\" id=\"audio-1816-3\" preload=\"none\" style=\"width: 100%;\" controls=\"controls\"><source type=\"audio\/mpeg\" src=\"http:\/\/radio.funoc.be\/J2016\/3J.mp3?_=3\" \/><a href=\"http:\/\/radio.funoc.be\/J2016\/3J.mp3\">http:\/\/radio.funoc.be\/J2016\/3J.mp3<\/a><\/audio>\n<p>&nbsp;<\/p>\n<p><img loading=\"lazy\" class=\"alignnone wp-image-1830 size-medium\" src=\"http:\/\/radio.funoc.be\/wp-content\/uploads\/2016\/06\/TEC-300x200.jpg\" alt=\"TEC\" width=\"300\" height=\"200\" \/> <strong>La mobilit\u00e9 par<\/strong> <strong>Coralie et Bradley<\/strong><\/p>\n<audio class=\"wp-audio-shortcode\" id=\"audio-1816-4\" preload=\"none\" style=\"width: 100%;\" controls=\"controls\"><source type=\"audio\/mpeg\" src=\"http:\/\/radio.funoc.be\/J2016\/4CB.mp3?_=4\" \/><a href=\"http:\/\/radio.funoc.be\/J2016\/4CB.mp3\">http:\/\/radio.funoc.be\/J2016\/4CB.mp3<\/a><\/audio>\n<p>&nbsp;<\/p>\n<p><img loading=\"lazy\" class=\"alignnone wp-image-1836 size-medium\" src=\"http:\/\/radio.funoc.be\/wp-content\/uploads\/2016\/06\/Capture-d\u2019\u00e9cran-2016-06-18-\u00e0-20.19.22-300x280.png\" alt=\"Capture d\u2019\u00e9cran 2016-06-18 \u00e0 20.19.22\" width=\"300\" height=\"280\" \/> <strong>Pr\u00e9sentation de la biblioth\u00e8que par<\/strong> <strong>Lilou et Vanessa<\/strong><\/p>\n<audio class=\"wp-audio-shortcode\" id=\"audio-1816-5\" preload=\"none\" style=\"width: 100%;\" controls=\"controls\"><source type=\"audio\/mpeg\" src=\"http:\/\/radio.funoc.be\/J2016\/5LV.mp3?_=5\" \/><a href=\"http:\/\/radio.funoc.be\/J2016\/5LV.mp3\">http:\/\/radio.funoc.be\/J2016\/5LV.mp3<\/a><\/audio>\n<p>&nbsp;<\/p>\n<p><strong>Interview de Clara Aliboni (biblioth\u00e8que Rimbaud)<\/strong><\/p>\n<div style=\"width: 625px;\" class=\"wp-video\"><!--[if lt IE 9]><script>document.createElement('video');<\/script><![endif]-->\n<video class=\"wp-video-shortcode\" id=\"video-1816-1\" width=\"625\" height=\"352\" preload=\"metadata\" controls=\"controls\"><source type=\"video\/mp4\" src=\"http:\/\/radio.funoc.be\/J2016\/6R.mp4?_=1\" \/><a href=\"http:\/\/radio.funoc.be\/J2016\/6R.mp4\">http:\/\/radio.funoc.be\/J2016\/6R.mp4<\/a><\/video><\/div>\n","protected":false},"excerpt":{"rendered":"<p>Projet r\u00e9alis\u00e9 avec le soutien du FSE M\u00e9rite associatif pour radio.funoc.be http:\/\/radio.funoc.be\/J2016\/1B.mp3 &nbsp; \u00a0Au revoir par Justine http:\/\/radio.funoc.be\/J2016\/2J.mp3 &nbsp; Les lieux culturels par Joeri http:\/\/radio.funoc.be\/J2016\/3J.mp3 &nbsp; La mobilit\u00e9 par Coralie et Bradley http:\/\/radio.funoc.be\/J2016\/4CB.mp3 &nbsp; Pr\u00e9sentation de la biblioth\u00e8que par Lilou et Vanessa http:\/\/radio.funoc.be\/J2016\/5LV.mp3 &nbsp; Interview de Clara Aliboni (biblioth\u00e8que Rimbaud) http:\/\/radio.funoc.be\/J2016\/6R.mp4<\/p>\n","protected":false},"author":1,"featured_media":0,"comment_status":"closed","ping_status":"closed","sticky":false,"template":"","format":"standard","meta":[],"categories":[5],"tags":[19,111,24,68],"views":2189,"_links":{"self":[{"href":"https:\/\/radio.funoc.be\/index.php?rest_route=\/wp\/v2\/posts\/1816"}],"collection":[{"href":"https:\/\/radio.funoc.be\/index.php?rest_route=\/wp\/v2\/posts"}],"about":[{"href":"https:\/\/radio.funoc.be\/index.php?rest_route=\/wp\/v2\/types\/post"}],"author":[{"embeddable":true,"href":"https:\/\/radio.funoc.be\/index.php?rest_route=\/wp\/v2\/users\/1"}],"replies":[{"embeddable":true,"href":"https:\/\/radio.funoc.be\/index.php?rest_route=%2Fwp%2Fv2%2Fcomments&post=1816"}],"version-history":[{"count":19,"href":"https:\/\/radio.funoc.be\/index.php?rest_route=\/wp\/v2\/posts\/1816\/revisions"}],"predecessor-version":[{"id":2742,"href":"https:\/\/radio.funoc.be\/index.php?rest_route=\/wp\/v2\/posts\/1816\/revisions\/2742"}],"wp:attachment":[{"href":"https:\/\/radio.funoc.be\/index.php?rest_route=%2Fwp%2Fv2%2Fmedia&parent=1816"}],"wp:term":[{"taxonomy":"category","embeddable":true,"href":"https:\/\/radio.funoc.be\/index.php?rest_route=%2Fwp%2Fv2%2Fcategories&post=1816"},{"taxonomy":"post_tag","embeddable":true,"href":"https:\/\/radio.funoc.be\/index.php?rest_route=%2Fwp%2Fv2%2Ftags&post=1816"}],"curies":[{"name":"wp","href":"https:\/\/api.w.org\/{rel}","templated":true}]}}