{"id":1952,"date":"2016-11-28T17:10:46","date_gmt":"2016-11-28T16:10:46","guid":{"rendered":"http:\/\/radio.funoc.be\/?p=1952"},"modified":"2018-02-28T09:00:09","modified_gmt":"2018-02-28T08:00:09","slug":"olivier-papegnies-formation-photojournaliste","status":"publish","type":"post","link":"https:\/\/radio.funoc.be\/?p=1952","title":{"rendered":"Olivier Papegnies : profession photojournaliste"},"content":{"rendered":"<p><img loading=\"lazy\" class=\"alignnone wp-image-2726\" src=\"http:\/\/radio.funoc.be\/wp-content\/uploads\/2018\/02\/1.png\" alt=\"\" width=\"150\" height=\"123\" \/> <strong>Projet r\u00e9alis\u00e9 avec le soutien du FSE<\/strong><\/p>\n<p><span style=\"font-size: large;\">OLIVIER PAPEGNIES est photojournaliste.Il travaille pour le collectif HUMA.Le collectif HUMA regroupe des photographes qui placent l&rsquo;\u00eatre humain au centre de tous leurs reportages.<\/span><\/p>\n<p><span style=\"font-size: large;\">Il a obtenu de nombreux prix et a voyag\u00e9 dans le monde entier. Il fait partie des photographes choisis par le FSE pour r\u00e9aliser des reportages sur les projets NEETS. C&rsquo;est pourquoi, il est venu dans notre groupe. A cette occasion, nous avons r\u00e9alis\u00e9\u00a0 une interview dans laquelle il \u00e9voque, avec simplicit\u00e9, son passionnant m\u00e9tier.<\/span><strong><span style=\"font-size: large;\"><br \/>\n<\/span><\/strong><\/p>\n<p><strong><img loading=\"lazy\" class=\"alignnone wp-image-1961 size-medium\" src=\"http:\/\/radio.funoc.be\/wp-content\/uploads\/2016\/11\/IMG_0657-300x224.jpg\" alt=\"img_0657\" width=\"300\" height=\"224\" srcset=\"https:\/\/radio.funoc.be\/wp-content\/uploads\/2016\/11\/IMG_0657-300x224.jpg 300w, https:\/\/radio.funoc.be\/wp-content\/uploads\/2016\/11\/IMG_0657-150x112.jpg 150w, https:\/\/radio.funoc.be\/wp-content\/uploads\/2016\/11\/IMG_0657-768x574.jpg 768w, https:\/\/radio.funoc.be\/wp-content\/uploads\/2016\/11\/IMG_0657-1024x765.jpg 1024w, https:\/\/radio.funoc.be\/wp-content\/uploads\/2016\/11\/IMG_0657-600x448.jpg 600w, https:\/\/radio.funoc.be\/wp-content\/uploads\/2016\/11\/IMG_0657-624x466.jpg 624w\" sizes=\"(max-width: 300px) 100vw, 300px\" \/> Pr\u00e9paration et interview r\u00e9alis\u00e9es par Emilie, Anthony et Emeric<\/strong><\/p>\n<p>&nbsp;<\/p>\n<!--[if lt IE 9]><script>document.createElement('audio');<\/script><![endif]-->\n<audio class=\"wp-audio-shortcode\" id=\"audio-1952-1\" preload=\"none\" style=\"width: 100%;\" controls=\"controls\"><source type=\"audio\/mpeg\" src=\"http:\/\/radio.funoc.be\/N16\/P1.mp3?_=1\" \/><a href=\"http:\/\/radio.funoc.be\/N16\/P1.mp3\">http:\/\/radio.funoc.be\/N16\/P1.mp3<\/a><\/audio>\n<p>&nbsp;<\/p>\n<p><img loading=\"lazy\" class=\"alignnone wp-image-1958 size-full\" src=\"http:\/\/radio.funoc.be\/wp-content\/uploads\/2016\/11\/Capture-d\u2019e\u0301cran-2016-11-28-a\u0300-17.22.29.png\" alt=\"capture-decran-2016-11-28-a-17-22-29\" width=\"897\" height=\"598\" srcset=\"https:\/\/radio.funoc.be\/wp-content\/uploads\/2016\/11\/Capture-d\u2019e\u0301cran-2016-11-28-a\u0300-17.22.29.png 897w, https:\/\/radio.funoc.be\/wp-content\/uploads\/2016\/11\/Capture-d\u2019e\u0301cran-2016-11-28-a\u0300-17.22.29-150x100.png 150w, https:\/\/radio.funoc.be\/wp-content\/uploads\/2016\/11\/Capture-d\u2019e\u0301cran-2016-11-28-a\u0300-17.22.29-300x200.png 300w, https:\/\/radio.funoc.be\/wp-content\/uploads\/2016\/11\/Capture-d\u2019e\u0301cran-2016-11-28-a\u0300-17.22.29-768x512.png 768w, https:\/\/radio.funoc.be\/wp-content\/uploads\/2016\/11\/Capture-d\u2019e\u0301cran-2016-11-28-a\u0300-17.22.29-600x400.png 600w, https:\/\/radio.funoc.be\/wp-content\/uploads\/2016\/11\/Capture-d\u2019e\u0301cran-2016-11-28-a\u0300-17.22.29-624x416.png 624w\" sizes=\"(max-width: 897px) 100vw, 897px\" \/>Photo r\u00e9alis\u00e9e par Olivier Papegnies qu&rsquo;il \u00e9voque dans l&rsquo;interview.<\/p>\n<p>Pour en savoir davantage sur le projet HUMA\u00a0 : <span style=\"color: #3366ff;\"><a style=\"color: #3366ff;\" href=\"http:\/\/www.collectifhuma.com\/\">http:\/\/www.collectifhuma.com\/<\/a><\/span><\/p>\n<p>&nbsp;<\/p>\n","protected":false},"excerpt":{"rendered":"<p>Projet r\u00e9alis\u00e9 avec le soutien du FSE OLIVIER PAPEGNIES est photojournaliste.Il travaille pour le collectif HUMA.Le collectif HUMA regroupe des photographes qui placent l&rsquo;\u00eatre humain au centre de tous leurs reportages. Il a obtenu de nombreux prix et a voyag\u00e9 dans le monde entier. Il fait partie des photographes choisis par le FSE pour r\u00e9aliser [&hellip;]<\/p>\n","protected":false},"author":1,"featured_media":0,"comment_status":"closed","ping_status":"closed","sticky":false,"template":"","format":"standard","meta":[],"categories":[5],"tags":[111,81],"views":2044,"_links":{"self":[{"href":"https:\/\/radio.funoc.be\/index.php?rest_route=\/wp\/v2\/posts\/1952"}],"collection":[{"href":"https:\/\/radio.funoc.be\/index.php?rest_route=\/wp\/v2\/posts"}],"about":[{"href":"https:\/\/radio.funoc.be\/index.php?rest_route=\/wp\/v2\/types\/post"}],"author":[{"embeddable":true,"href":"https:\/\/radio.funoc.be\/index.php?rest_route=\/wp\/v2\/users\/1"}],"replies":[{"embeddable":true,"href":"https:\/\/radio.funoc.be\/index.php?rest_route=%2Fwp%2Fv2%2Fcomments&post=1952"}],"version-history":[{"count":12,"href":"https:\/\/radio.funoc.be\/index.php?rest_route=\/wp\/v2\/posts\/1952\/revisions"}],"predecessor-version":[{"id":2740,"href":"https:\/\/radio.funoc.be\/index.php?rest_route=\/wp\/v2\/posts\/1952\/revisions\/2740"}],"wp:attachment":[{"href":"https:\/\/radio.funoc.be\/index.php?rest_route=%2Fwp%2Fv2%2Fmedia&parent=1952"}],"wp:term":[{"taxonomy":"category","embeddable":true,"href":"https:\/\/radio.funoc.be\/index.php?rest_route=%2Fwp%2Fv2%2Fcategories&post=1952"},{"taxonomy":"post_tag","embeddable":true,"href":"https:\/\/radio.funoc.be\/index.php?rest_route=%2Fwp%2Fv2%2Ftags&post=1952"}],"curies":[{"name":"wp","href":"https:\/\/api.w.org\/{rel}","templated":true}]}}