{"id":2634,"date":"2018-01-19T13:48:20","date_gmt":"2018-01-19T12:48:20","guid":{"rendered":"http:\/\/radio.funoc.be\/?p=2634"},"modified":"2018-02-28T08:58:20","modified_gmt":"2018-02-28T07:58:20","slug":"presentation-du-6eme-groupe-city-funoc-en-preparation","status":"publish","type":"post","link":"https:\/\/radio.funoc.be\/?p=2634","title":{"rendered":"Pr\u00e9sentation du 6\u00e8me groupe CITY FUNOC"},"content":{"rendered":"<p><img loading=\"lazy\" class=\"alignnone wp-image-2726\" src=\"http:\/\/radio.funoc.be\/wp-content\/uploads\/2018\/02\/1.png\" alt=\"\" width=\"150\" height=\"123\" \/> <strong>Projet r\u00e9alis\u00e9 avec le soutien du FSE<\/strong><\/p>\n<p><strong>Le 6\u00e8me groupe City a d\u00e9marr\u00e9 le 8 janvier 2018. C&rsquo;est avec grand plaisir que les participants se pr\u00e9sentent et \u00e9voquent la th\u00e9matique d\u00e9velopp\u00e9e dans ce module<\/strong><\/p>\n<p><strong><a href=\"http:\/\/radio.funoc.be\/wp-content\/uploads\/2018\/01\/01\uf02218.pdf\">Les textes en format PDF<\/a><\/strong><\/p>\n<p><strong><img loading=\"lazy\" class=\"alignnone wp-image-2663\" src=\"http:\/\/radio.funoc.be\/wp-content\/uploads\/2018\/01\/2.jpg\" alt=\"\" width=\"300\" height=\"224\" \/> Introduction par Nathan<\/strong><\/p>\n<!--[if lt IE 9]><script>document.createElement('audio');<\/script><![endif]-->\n<audio class=\"wp-audio-shortcode\" id=\"audio-2634-1\" preload=\"none\" style=\"width: 100%;\" controls=\"controls\"><source type=\"audio\/mpeg\" src=\"http:\/\/radio.funoc.be\/0118\/1.mp3?_=1\" \/><a href=\"http:\/\/radio.funoc.be\/0118\/1.mp3\">http:\/\/radio.funoc.be\/0118\/1.mp3<\/a><\/audio>\n<p>&nbsp;<\/p>\n<p><strong> <img loading=\"lazy\" class=\"alignnone wp-image-2666\" src=\"http:\/\/radio.funoc.be\/wp-content\/uploads\/2018\/01\/4.jpg\" alt=\"\" width=\"300\" height=\"224\" \/>Kimberley se pr\u00e9sente<\/strong><\/p>\n<audio class=\"wp-audio-shortcode\" id=\"audio-2634-2\" preload=\"none\" style=\"width: 100%;\" controls=\"controls\"><source type=\"audio\/mpeg\" src=\"http:\/\/radio.funoc.be\/0118\/2.mp3?_=2\" \/><a href=\"http:\/\/radio.funoc.be\/0118\/2.mp3\">http:\/\/radio.funoc.be\/0118\/2.mp3<\/a><\/audio>\n<p>&nbsp;<\/p>\n<p><img loading=\"lazy\" class=\"alignnone size-medium wp-image-2663\" src=\"http:\/\/radio.funoc.be\/wp-content\/uploads\/2018\/01\/2.jpg\" alt=\"\" width=\"300\" height=\"224\" \/><strong> Nathan se pr\u00e9sente<\/strong><\/p>\n<audio class=\"wp-audio-shortcode\" id=\"audio-2634-3\" preload=\"none\" style=\"width: 100%;\" controls=\"controls\"><source type=\"audio\/mpeg\" src=\"http:\/\/radio.funoc.be\/0118\/4.mp3?_=3\" \/><a href=\"http:\/\/radio.funoc.be\/0118\/4.mp3\">http:\/\/radio.funoc.be\/0118\/4.mp3<\/a><\/audio>\n<p>&nbsp;<\/p>\n<p><strong><img loading=\"lazy\" class=\"alignnone wp-image-2669\" src=\"http:\/\/radio.funoc.be\/wp-content\/uploads\/2018\/01\/6.jpg\" alt=\"\" width=\"300\" height=\"353\" \/>\u00a0Elo\u00efse se pr\u00e9sente<\/strong><\/p>\n<audio class=\"wp-audio-shortcode\" id=\"audio-2634-4\" preload=\"none\" style=\"width: 100%;\" controls=\"controls\"><source type=\"audio\/mpeg\" src=\"http:\/\/radio.funoc.be\/0118\/5.mp3?_=4\" \/><a href=\"http:\/\/radio.funoc.be\/0118\/5.mp3\">http:\/\/radio.funoc.be\/0118\/5.mp3<\/a><\/audio>\n<p>&nbsp;<\/p>\n<p><strong><img loading=\"lazy\" class=\"alignnone wp-image-2668\" src=\"http:\/\/radio.funoc.be\/wp-content\/uploads\/2018\/01\/5.jpg\" alt=\"\" width=\"300\" height=\"224\" \/><\/strong><strong> Geoffrey se pr\u00e9sente<\/strong><\/p>\n<audio class=\"wp-audio-shortcode\" id=\"audio-2634-5\" preload=\"none\" style=\"width: 100%;\" controls=\"controls\"><source type=\"audio\/mpeg\" src=\"http:\/\/radio.funoc.be\/0118\/6.mp3?_=5\" \/><a href=\"http:\/\/radio.funoc.be\/0118\/6.mp3\">http:\/\/radio.funoc.be\/0118\/6.mp3<\/a><\/audio>\n<p>&nbsp;<\/p>\n<p><strong><img loading=\"lazy\" class=\"alignnone wp-image-2653\" src=\"http:\/\/radio.funoc.be\/wp-content\/uploads\/2018\/01\/IMG_2280.jpg\" alt=\"\" width=\"300\" height=\"224\" \/> Konat\u00e9 se pr\u00e9sente<\/strong><\/p>\n<audio class=\"wp-audio-shortcode\" id=\"audio-2634-6\" preload=\"none\" style=\"width: 100%;\" controls=\"controls\"><source type=\"audio\/mpeg\" src=\"http:\/\/radio.funoc.be\/0118\/7.mp3?_=6\" \/><a href=\"http:\/\/radio.funoc.be\/0118\/7.mp3\">http:\/\/radio.funoc.be\/0118\/7.mp3<\/a><\/audio>\n<p>&nbsp;<\/p>\n<p><strong><img loading=\"lazy\" class=\"alignnone wp-image-2670\" src=\"http:\/\/radio.funoc.be\/wp-content\/uploads\/2018\/01\/385440.jpg\" alt=\"\" width=\"300\" height=\"450\" \/>\u00a0Le film \u00ab\u00a0Merci patron!\u00a0\u00bb r\u00e9sum\u00e9 par Kimberley<\/strong><\/p>\n<audio class=\"wp-audio-shortcode\" id=\"audio-2634-7\" preload=\"none\" style=\"width: 100%;\" controls=\"controls\"><source type=\"audio\/mpeg\" src=\"http:\/\/radio.funoc.be\/0118\/8.mp3?_=7\" \/><a href=\"http:\/\/radio.funoc.be\/0118\/8.mp3\">http:\/\/radio.funoc.be\/0118\/8.mp3<\/a><\/audio>\n<p>&nbsp;<\/p>\n<p><strong><img loading=\"lazy\" class=\"alignnone wp-image-2669\" src=\"http:\/\/radio.funoc.be\/wp-content\/uploads\/2018\/01\/6.jpg\" alt=\"\" width=\"300\" height=\"353\" \/>\u00a0La th\u00e9matique pr\u00e9sent\u00e9e par Elo\u00efse<\/strong><\/p>\n<audio class=\"wp-audio-shortcode\" id=\"audio-2634-8\" preload=\"none\" style=\"width: 100%;\" controls=\"controls\"><source type=\"audio\/mpeg\" src=\"http:\/\/radio.funoc.be\/0118\/9.mp3?_=8\" \/><a href=\"http:\/\/radio.funoc.be\/0118\/9.mp3\">http:\/\/radio.funoc.be\/0118\/9.mp3<\/a><\/audio>\n<p>&nbsp;<\/p>\n<p><strong><img loading=\"lazy\" class=\"alignnone wp-image-2663\" src=\"http:\/\/radio.funoc.be\/wp-content\/uploads\/2018\/01\/2.jpg\" alt=\"\" width=\"300\" height=\"224\" \/> Les hypermarch\u00e9s \u00ab\u00a0Carrefour\u00a0\u00bb et les licenciements par Nathan<\/strong><\/p>\n<audio class=\"wp-audio-shortcode\" id=\"audio-2634-9\" preload=\"none\" style=\"width: 100%;\" controls=\"controls\"><source type=\"audio\/mpeg\" src=\"http:\/\/radio.funoc.be\/0118\/10.mp3?_=9\" \/><a href=\"http:\/\/radio.funoc.be\/0118\/10.mp3\">http:\/\/radio.funoc.be\/0118\/10.mp3<\/a><\/audio>\n<p>&nbsp;<\/p>\n<p>&nbsp;<\/p>\n","protected":false},"excerpt":{"rendered":"<p>Projet r\u00e9alis\u00e9 avec le soutien du FSE Le 6\u00e8me groupe City a d\u00e9marr\u00e9 le 8 janvier 2018. C&rsquo;est avec grand plaisir que les participants se pr\u00e9sentent et \u00e9voquent la th\u00e9matique d\u00e9velopp\u00e9e dans ce module Les textes en format PDF Introduction par Nathan http:\/\/radio.funoc.be\/0118\/1.mp3 &nbsp; Kimberley se pr\u00e9sente http:\/\/radio.funoc.be\/0118\/2.mp3 &nbsp; Nathan se pr\u00e9sente http:\/\/radio.funoc.be\/0118\/4.mp3 &nbsp; \u00a0Elo\u00efse [&hellip;]<\/p>\n","protected":false},"author":1,"featured_media":0,"comment_status":"closed","ping_status":"closed","sticky":false,"template":"","format":"standard","meta":[],"categories":[5],"tags":[111,24,66,106],"views":2143,"_links":{"self":[{"href":"https:\/\/radio.funoc.be\/index.php?rest_route=\/wp\/v2\/posts\/2634"}],"collection":[{"href":"https:\/\/radio.funoc.be\/index.php?rest_route=\/wp\/v2\/posts"}],"about":[{"href":"https:\/\/radio.funoc.be\/index.php?rest_route=\/wp\/v2\/types\/post"}],"author":[{"embeddable":true,"href":"https:\/\/radio.funoc.be\/index.php?rest_route=\/wp\/v2\/users\/1"}],"replies":[{"embeddable":true,"href":"https:\/\/radio.funoc.be\/index.php?rest_route=%2Fwp%2Fv2%2Fcomments&post=2634"}],"version-history":[{"count":22,"href":"https:\/\/radio.funoc.be\/index.php?rest_route=\/wp\/v2\/posts\/2634\/revisions"}],"predecessor-version":[{"id":2731,"href":"https:\/\/radio.funoc.be\/index.php?rest_route=\/wp\/v2\/posts\/2634\/revisions\/2731"}],"wp:attachment":[{"href":"https:\/\/radio.funoc.be\/index.php?rest_route=%2Fwp%2Fv2%2Fmedia&parent=2634"}],"wp:term":[{"taxonomy":"category","embeddable":true,"href":"https:\/\/radio.funoc.be\/index.php?rest_route=%2Fwp%2Fv2%2Fcategories&post=2634"},{"taxonomy":"post_tag","embeddable":true,"href":"https:\/\/radio.funoc.be\/index.php?rest_route=%2Fwp%2Fv2%2Ftags&post=2634"}],"curies":[{"name":"wp","href":"https:\/\/api.w.org\/{rel}","templated":true}]}}