{"id":2680,"date":"2018-02-16T12:23:25","date_gmt":"2018-02-16T11:23:25","guid":{"rendered":"http:\/\/radio.funoc.be\/?p=2680"},"modified":"2018-02-28T08:58:09","modified_gmt":"2018-02-28T07:58:09","slug":"les-jeunes-neets-encadres-par-lire-et-ecrire-chatelet-en-cours","status":"publish","type":"post","link":"https:\/\/radio.funoc.be\/?p=2680","title":{"rendered":"Et Ch\u00e2telet, dans l&rsquo;aventure NEETS?"},"content":{"rendered":"<p><img loading=\"lazy\" class=\"alignnone wp-image-2726\" src=\"http:\/\/radio.funoc.be\/wp-content\/uploads\/2018\/02\/1.png\" alt=\"\" width=\"150\" height=\"123\" \/>\u00a0<strong>Projet r\u00e9alis\u00e9 avec le soutien du FSE<\/strong><\/p>\n<p><strong>Ce sont les jeunes Neets encadr\u00e9s par Ingrid De souza Bispo et Cibel qui s&rsquo;expriment dans les capsules qui suivent. Beau travail.<br \/>\n<\/strong><\/p>\n<p><img loading=\"lazy\" class=\"alignnone wp-image-2696\" src=\"http:\/\/radio.funoc.be\/wp-content\/uploads\/2018\/02\/4.jpg\" alt=\"\" width=\"300\" height=\"264\" \/><strong> Lyonel<\/strong><\/p>\n<!--[if lt IE 9]><script>document.createElement('audio');<\/script><![endif]-->\n<audio class=\"wp-audio-shortcode\" id=\"audio-2680-1\" preload=\"none\" style=\"width: 100%;\" controls=\"controls\"><source type=\"audio\/mpeg\" src=\"http:\/\/radio.funoc.be\/218\/1.mp3?_=1\" \/><a href=\"http:\/\/radio.funoc.be\/218\/1.mp3\">http:\/\/radio.funoc.be\/218\/1.mp3<\/a><\/audio>\n<p>&nbsp;<\/p>\n<p><img loading=\"lazy\" class=\"alignnone wp-image-2693\" src=\"http:\/\/radio.funoc.be\/wp-content\/uploads\/2018\/02\/1.jpg\" alt=\"\" width=\"300\" height=\"276\" \/><strong> Micky<\/strong><\/p>\n<audio class=\"wp-audio-shortcode\" id=\"audio-2680-2\" preload=\"none\" style=\"width: 100%;\" controls=\"controls\"><source type=\"audio\/mpeg\" src=\"http:\/\/radio.funoc.be\/218\/2.mp3?_=2\" \/><a href=\"http:\/\/radio.funoc.be\/218\/2.mp3\">http:\/\/radio.funoc.be\/218\/2.mp3<\/a><\/audio>\n<p>&nbsp;<\/p>\n<p><img loading=\"lazy\" class=\"alignnone wp-image-2694\" src=\"http:\/\/radio.funoc.be\/wp-content\/uploads\/2018\/02\/2.jpg\" alt=\"\" width=\"300\" height=\"244\" \/><strong> M\u00e9lanie<\/strong><\/p>\n<audio class=\"wp-audio-shortcode\" id=\"audio-2680-3\" preload=\"none\" style=\"width: 100%;\" controls=\"controls\"><source type=\"audio\/mpeg\" src=\"http:\/\/radio.funoc.be\/218\/3.mp3?_=3\" \/><a href=\"http:\/\/radio.funoc.be\/218\/3.mp3\">http:\/\/radio.funoc.be\/218\/3.mp3<\/a><\/audio>\n<p>&nbsp;<\/p>\n<p><img loading=\"lazy\" class=\"alignnone wp-image-2698\" src=\"http:\/\/radio.funoc.be\/wp-content\/uploads\/2018\/02\/FullSizeRender1.jpg\" alt=\"\" width=\"300\" height=\"234\" \/><strong> Aur\u00e9lie<\/strong><\/p>\n<audio class=\"wp-audio-shortcode\" id=\"audio-2680-4\" preload=\"none\" style=\"width: 100%;\" controls=\"controls\"><source type=\"audio\/mpeg\" src=\"http:\/\/radio.funoc.be\/218\/4.mp3?_=4\" \/><a href=\"http:\/\/radio.funoc.be\/218\/4.mp3\">http:\/\/radio.funoc.be\/218\/4.mp3<\/a><\/audio>\n<p>&nbsp;<\/p>\n<p><img loading=\"lazy\" class=\"alignnone wp-image-2704\" src=\"http:\/\/radio.funoc.be\/wp-content\/uploads\/2018\/02\/9.jpg\" alt=\"\" width=\"300\" height=\"284\" \/>\u00a0<strong>Aurore<\/strong><\/p>\n<audio class=\"wp-audio-shortcode\" id=\"audio-2680-5\" preload=\"none\" style=\"width: 100%;\" controls=\"controls\"><source type=\"audio\/mpeg\" src=\"http:\/\/radio.funoc.be\/218\/5.mp3?_=5\" \/><a href=\"http:\/\/radio.funoc.be\/218\/5.mp3\">http:\/\/radio.funoc.be\/218\/5.mp3<\/a><\/audio>\n<p>&nbsp;<\/p>\n<p><img loading=\"lazy\" class=\"alignnone wp-image-2697\" src=\"http:\/\/radio.funoc.be\/wp-content\/uploads\/2018\/02\/5.jpg\" alt=\"\" width=\"300\" height=\"244\" \/><strong> Arberie<\/strong><\/p>\n<audio class=\"wp-audio-shortcode\" id=\"audio-2680-6\" preload=\"none\" style=\"width: 100%;\" controls=\"controls\"><source type=\"audio\/mpeg\" src=\"http:\/\/radio.funoc.be\/218\/6.mp3?_=6\" \/><a href=\"http:\/\/radio.funoc.be\/218\/6.mp3\">http:\/\/radio.funoc.be\/218\/6.mp3<\/a><\/audio>\n<p>&nbsp;<\/p>\n<p><img loading=\"lazy\" class=\"alignnone wp-image-2695\" src=\"http:\/\/radio.funoc.be\/wp-content\/uploads\/2018\/02\/3.jpg\" alt=\"\" width=\"300\" height=\"239\" \/><strong> Anthony<\/strong><\/p>\n<audio class=\"wp-audio-shortcode\" id=\"audio-2680-7\" preload=\"none\" style=\"width: 100%;\" controls=\"controls\"><source type=\"audio\/mpeg\" src=\"http:\/\/radio.funoc.be\/218\/7.mp3?_=7\" \/><a href=\"http:\/\/radio.funoc.be\/218\/7.mp3\">http:\/\/radio.funoc.be\/218\/7.mp3<\/a><\/audio>\n<p>&nbsp;<\/p>\n<p><img loading=\"lazy\" class=\"alignnone wp-image-2703\" src=\"http:\/\/radio.funoc.be\/wp-content\/uploads\/2018\/02\/FullSizeRender1-1.jpg\" alt=\"\" width=\"300\" height=\"232\" \/> <strong>Valentino<\/strong><\/p>\n<audio class=\"wp-audio-shortcode\" id=\"audio-2680-8\" preload=\"none\" style=\"width: 100%;\" controls=\"controls\"><source type=\"audio\/mpeg\" src=\"http:\/\/radio.funoc.be\/218\/8.mp3?_=8\" \/><a href=\"http:\/\/radio.funoc.be\/218\/8.mp3\">http:\/\/radio.funoc.be\/218\/8.mp3<\/a><\/audio>\n","protected":false},"excerpt":{"rendered":"<p>\u00a0Projet r\u00e9alis\u00e9 avec le soutien du FSE Ce sont les jeunes Neets encadr\u00e9s par Ingrid De souza Bispo et Cibel qui s&rsquo;expriment dans les capsules qui suivent. Beau travail. Lyonel http:\/\/radio.funoc.be\/218\/1.mp3 &nbsp; Micky http:\/\/radio.funoc.be\/218\/2.mp3 &nbsp; M\u00e9lanie http:\/\/radio.funoc.be\/218\/3.mp3 &nbsp; Aur\u00e9lie http:\/\/radio.funoc.be\/218\/4.mp3 &nbsp; \u00a0Aurore http:\/\/radio.funoc.be\/218\/5.mp3 &nbsp; Arberie http:\/\/radio.funoc.be\/218\/6.mp3 &nbsp; Anthony http:\/\/radio.funoc.be\/218\/7.mp3 &nbsp; Valentino http:\/\/radio.funoc.be\/218\/8.mp3<\/p>\n","protected":false},"author":1,"featured_media":0,"comment_status":"closed","ping_status":"closed","sticky":false,"template":"","format":"standard","meta":[],"categories":[5],"tags":[111,67,66],"views":1950,"_links":{"self":[{"href":"https:\/\/radio.funoc.be\/index.php?rest_route=\/wp\/v2\/posts\/2680"}],"collection":[{"href":"https:\/\/radio.funoc.be\/index.php?rest_route=\/wp\/v2\/posts"}],"about":[{"href":"https:\/\/radio.funoc.be\/index.php?rest_route=\/wp\/v2\/types\/post"}],"author":[{"embeddable":true,"href":"https:\/\/radio.funoc.be\/index.php?rest_route=\/wp\/v2\/users\/1"}],"replies":[{"embeddable":true,"href":"https:\/\/radio.funoc.be\/index.php?rest_route=%2Fwp%2Fv2%2Fcomments&post=2680"}],"version-history":[{"count":21,"href":"https:\/\/radio.funoc.be\/index.php?rest_route=\/wp\/v2\/posts\/2680\/revisions"}],"predecessor-version":[{"id":2730,"href":"https:\/\/radio.funoc.be\/index.php?rest_route=\/wp\/v2\/posts\/2680\/revisions\/2730"}],"wp:attachment":[{"href":"https:\/\/radio.funoc.be\/index.php?rest_route=%2Fwp%2Fv2%2Fmedia&parent=2680"}],"wp:term":[{"taxonomy":"category","embeddable":true,"href":"https:\/\/radio.funoc.be\/index.php?rest_route=%2Fwp%2Fv2%2Fcategories&post=2680"},{"taxonomy":"post_tag","embeddable":true,"href":"https:\/\/radio.funoc.be\/index.php?rest_route=%2Fwp%2Fv2%2Ftags&post=2680"}],"curies":[{"name":"wp","href":"https:\/\/api.w.org\/{rel}","templated":true}]}}