{"id":2708,"date":"2018-02-22T12:47:07","date_gmt":"2018-02-22T11:47:07","guid":{"rendered":"http:\/\/radio.funoc.be\/?p=2708"},"modified":"2018-02-28T18:39:15","modified_gmt":"2018-02-28T17:39:15","slug":"lavancement-du-projet-autour-des-syndicats-en-construction","status":"publish","type":"post","link":"https:\/\/radio.funoc.be\/?p=2708","title":{"rendered":"Le projet de carte interactive autour des syndicats"},"content":{"rendered":"<p><strong><img loading=\"lazy\" class=\"alignnone wp-image-2726\" src=\"http:\/\/radio.funoc.be\/wp-content\/uploads\/2018\/02\/1.png\" alt=\"\" width=\"150\" height=\"123\" \/> Projet r\u00e9alis\u00e9 avec le soutien du FSE<br \/>\n<\/strong><\/p>\n<p><strong>Les jeunes du 6\u00e8me groupe City ont choisi comme th\u00e9matique \u00ab\u00a0les syndicats\u00a0\u00bb qu&rsquo;ils d\u00e9veloppent dans les capsules qui suivent.<\/strong><\/p>\n<p><span style=\"color: #0000ff;\"><strong><a style=\"color: #0000ff;\" href=\"http:\/\/radio.funoc.be\/wp-content\/uploads\/2018\/02\/2_2_18.pdf\">\u00a0Version PDF des \u00e9missions ici<\/a><\/strong><\/span><\/p>\n<p><img loading=\"lazy\" class=\"alignnone wp-image-2711\" src=\"http:\/\/radio.funoc.be\/wp-content\/uploads\/2018\/02\/FullSizeRender1-2.jpg\" alt=\"\" width=\"300\" height=\"310\" \/> <strong>Les <\/strong><strong>syndicats en Belgique par Wendy<\/strong><\/p>\n<!--[if lt IE 9]><script>document.createElement('audio');<\/script><![endif]-->\n<audio class=\"wp-audio-shortcode\" id=\"audio-2708-1\" preload=\"none\" style=\"width: 100%;\" controls=\"controls\"><source type=\"audio\/mpeg\" src=\"http:\/\/radio.funoc.be\/0218\/1.mp3?_=1\" \/><a href=\"http:\/\/radio.funoc.be\/0218\/1.mp3\">http:\/\/radio.funoc.be\/0218\/1.mp3<\/a><\/audio>\n<p>&nbsp;<\/p>\n<p><img loading=\"lazy\" class=\"alignnone wp-image-2663\" src=\"http:\/\/radio.funoc.be\/wp-content\/uploads\/2018\/01\/2.jpg\" alt=\"\" width=\"300\" height=\"224\" \/> <strong>Et les jeunes? par Nathan<\/strong><\/p>\n<audio class=\"wp-audio-shortcode\" id=\"audio-2708-2\" preload=\"none\" style=\"width: 100%;\" controls=\"controls\"><source type=\"audio\/mpeg\" src=\"http:\/\/radio.funoc.be\/0218\/2.mp3?_=2\" \/><a href=\"http:\/\/radio.funoc.be\/0218\/2.mp3\">http:\/\/radio.funoc.be\/0218\/2.mp3<\/a><\/audio>\n<p>&nbsp;<\/p>\n<p><img loading=\"lazy\" class=\"alignnone wp-image-2666\" src=\"http:\/\/radio.funoc.be\/wp-content\/uploads\/2018\/01\/4.jpg\" alt=\"\" width=\"150\" height=\"112\" \/> <img loading=\"lazy\" class=\"alignnone wp-image-2668\" src=\"http:\/\/radio.funoc.be\/wp-content\/uploads\/2018\/01\/5.jpg\" alt=\"\" width=\"150\" height=\"112\" \/><strong>Le sondage par Kimberley et Geoffrey<\/strong><\/p>\n<audio class=\"wp-audio-shortcode\" id=\"audio-2708-3\" preload=\"none\" style=\"width: 100%;\" controls=\"controls\"><source type=\"audio\/mpeg\" src=\"http:\/\/radio.funoc.be\/0218\/3.mp3?_=3\" \/><a href=\"http:\/\/radio.funoc.be\/0218\/3.mp3\">http:\/\/radio.funoc.be\/0218\/3.mp3<\/a><\/audio>\n<p>&nbsp;<\/p>\n<p><img loading=\"lazy\" class=\"alignnone wp-image-2721\" src=\"http:\/\/radio.funoc.be\/wp-content\/uploads\/2018\/02\/FullSizeRender1-3.jpg\" alt=\"\" width=\"300\" height=\"228\" \/> <strong>Et \u00e0 Charleroi? par Kim<\/strong><\/p>\n<audio class=\"wp-audio-shortcode\" id=\"audio-2708-4\" preload=\"none\" style=\"width: 100%;\" controls=\"controls\"><source type=\"audio\/mpeg\" src=\"http:\/\/radio.funoc.be\/0218\/4.mp3?_=4\" \/><a href=\"http:\/\/radio.funoc.be\/0218\/4.mp3\">http:\/\/radio.funoc.be\/0218\/4.mp3<\/a><\/audio>\n<p>&nbsp;<\/p>\n","protected":false},"excerpt":{"rendered":"<p>Projet r\u00e9alis\u00e9 avec le soutien du FSE Les jeunes du 6\u00e8me groupe City ont choisi comme th\u00e9matique \u00ab\u00a0les syndicats\u00a0\u00bb qu&rsquo;ils d\u00e9veloppent dans les capsules qui suivent. \u00a0Version PDF des \u00e9missions ici Les syndicats en Belgique par Wendy http:\/\/radio.funoc.be\/0218\/1.mp3 &nbsp; Et les jeunes? par Nathan http:\/\/radio.funoc.be\/0218\/2.mp3 &nbsp; Le sondage par Kimberley et Geoffrey http:\/\/radio.funoc.be\/0218\/3.mp3 &nbsp; Et [&hellip;]<\/p>\n","protected":false},"author":1,"featured_media":0,"comment_status":"closed","ping_status":"closed","sticky":false,"template":"","format":"standard","meta":[],"categories":[5],"tags":[109,108,111,24,107,66,106],"views":2185,"_links":{"self":[{"href":"https:\/\/radio.funoc.be\/index.php?rest_route=\/wp\/v2\/posts\/2708"}],"collection":[{"href":"https:\/\/radio.funoc.be\/index.php?rest_route=\/wp\/v2\/posts"}],"about":[{"href":"https:\/\/radio.funoc.be\/index.php?rest_route=\/wp\/v2\/types\/post"}],"author":[{"embeddable":true,"href":"https:\/\/radio.funoc.be\/index.php?rest_route=\/wp\/v2\/users\/1"}],"replies":[{"embeddable":true,"href":"https:\/\/radio.funoc.be\/index.php?rest_route=%2Fwp%2Fv2%2Fcomments&post=2708"}],"version-history":[{"count":12,"href":"https:\/\/radio.funoc.be\/index.php?rest_route=\/wp\/v2\/posts\/2708\/revisions"}],"predecessor-version":[{"id":2744,"href":"https:\/\/radio.funoc.be\/index.php?rest_route=\/wp\/v2\/posts\/2708\/revisions\/2744"}],"wp:attachment":[{"href":"https:\/\/radio.funoc.be\/index.php?rest_route=%2Fwp%2Fv2%2Fmedia&parent=2708"}],"wp:term":[{"taxonomy":"category","embeddable":true,"href":"https:\/\/radio.funoc.be\/index.php?rest_route=%2Fwp%2Fv2%2Fcategories&post=2708"},{"taxonomy":"post_tag","embeddable":true,"href":"https:\/\/radio.funoc.be\/index.php?rest_route=%2Fwp%2Fv2%2Ftags&post=2708"}],"curies":[{"name":"wp","href":"https:\/\/api.w.org\/{rel}","templated":true}]}}