{"id":2879,"date":"2018-10-01T09:47:21","date_gmt":"2018-10-01T08:47:21","guid":{"rendered":"http:\/\/radio.funoc.be\/?p=2879"},"modified":"2018-10-05T12:35:01","modified_gmt":"2018-10-05T11:35:01","slug":"le-8eme-groupe-city-cest-parti","status":"publish","type":"post","link":"https:\/\/radio.funoc.be\/?p=2879","title":{"rendered":"LE 8\u00e8me groupe City : c&rsquo;est parti !"},"content":{"rendered":"<p><strong>Bonjour \u00e0 tous. Les jeunes du huiti\u00e8me groupe City se pr\u00e9sentent, parlent du blason et \u00e9voquent la th\u00e9matique d\u00e9velopp\u00e9e dans ce module. <\/strong><\/p>\n<p><strong>Bonne \u00e9coute.<\/strong><\/p>\n<p><span style=\"color: #0000ff;\"><strong>LE TEXTE VERSION PDF C&rsquo;EST <a style=\"color: #0000ff;\" href=\"http:\/\/radio.funoc.be\/wp-content\/uploads\/2018\/10\/10.pdf\">ICI<\/a><\/strong><\/span><\/p>\n<p><img loading=\"lazy\" class=\"alignnone size-full wp-image-2881\" src=\"http:\/\/radio.funoc.be\/wp-content\/uploads\/2018\/10\/1.jpg\" alt=\"\" width=\"340\" height=\"278\" \/><\/p>\n<p><strong>Magali pour la pr\u00e9sentation du groupe<\/strong><\/p>\n<!--[if lt IE 9]><script>document.createElement('audio');<\/script><![endif]-->\n<audio class=\"wp-audio-shortcode\" id=\"audio-2879-1\" preload=\"none\" style=\"width: 100%;\" controls=\"controls\"><source type=\"audio\/mpeg\" src=\"http:\/\/radio.funoc.be\/1018\/E1.mp3?_=1\" \/><a href=\"http:\/\/radio.funoc.be\/1018\/E1.mp3\">http:\/\/radio.funoc.be\/1018\/E1.mp3<\/a><\/audio>\n<p>&nbsp;<\/p>\n<p><img loading=\"lazy\" class=\"alignnone  wp-image-2894\" src=\"http:\/\/radio.funoc.be\/wp-content\/uploads\/2018\/10\/IMG_0102.jpg\" alt=\"\" width=\"207\" height=\"308\" \/> <strong>C\u00e9dric parle du blason<\/strong><\/p>\n<audio class=\"wp-audio-shortcode\" id=\"audio-2879-2\" preload=\"none\" style=\"width: 100%;\" controls=\"controls\"><source type=\"audio\/mpeg\" src=\"http:\/\/radio.funoc.be\/1018\/E2.mp3?_=2\" \/><a href=\"http:\/\/radio.funoc.be\/1018\/E2.mp3\">http:\/\/radio.funoc.be\/1018\/E2.mp3<\/a><\/audio>\n<p><strong><img loading=\"lazy\" class=\"alignnone wp-image-2889\" src=\"http:\/\/radio.funoc.be\/wp-content\/uploads\/2018\/10\/19047152.jpg\" alt=\"\" width=\"157\" height=\"209\" \/> Christopher pr\u00e9sente le film \u00a0\u00bb La vague\u00a0\u00bb<\/strong><\/p>\n<audio class=\"wp-audio-shortcode\" id=\"audio-2879-3\" preload=\"none\" style=\"width: 100%;\" controls=\"controls\"><source type=\"audio\/mpeg\" src=\"http:\/\/radio.funoc.be\/1018\/E3.mp3?_=3\" \/><a href=\"http:\/\/radio.funoc.be\/1018\/E3.mp3\">http:\/\/radio.funoc.be\/1018\/E3.mp3<\/a><\/audio>\n<p><strong><img loading=\"lazy\" class=\"alignnone wp-image-758\" src=\"http:\/\/radio.funoc.be\/wp-content\/uploads\/2014\/06\/ld-systems-bonnette-pour-micro-orange-300x300.jpg\" alt=\"\" width=\"148\" height=\"148\" srcset=\"https:\/\/radio.funoc.be\/wp-content\/uploads\/2014\/06\/ld-systems-bonnette-pour-micro-orange-300x300.jpg 300w, https:\/\/radio.funoc.be\/wp-content\/uploads\/2014\/06\/ld-systems-bonnette-pour-micro-orange-150x150.jpg 150w, https:\/\/radio.funoc.be\/wp-content\/uploads\/2014\/06\/ld-systems-bonnette-pour-micro-orange-624x624.jpg 624w, https:\/\/radio.funoc.be\/wp-content\/uploads\/2014\/06\/ld-systems-bonnette-pour-micro-orange.jpg 800w\" sizes=\"(max-width: 148px) 100vw, 148px\" \/> L&rsquo;avis de Le\u00efla sur le film<\/strong><\/p>\n<audio class=\"wp-audio-shortcode\" id=\"audio-2879-4\" preload=\"none\" style=\"width: 100%;\" controls=\"controls\"><source type=\"audio\/mpeg\" src=\"http:\/\/radio.funoc.be\/1018\/E4.mp3?_=4\" \/><a href=\"http:\/\/radio.funoc.be\/1018\/E4.mp3\">http:\/\/radio.funoc.be\/1018\/E4.mp3<\/a><\/audio>\n<p><strong><img loading=\"lazy\" class=\"alignnone wp-image-758\" src=\"http:\/\/radio.funoc.be\/wp-content\/uploads\/2014\/06\/ld-systems-bonnette-pour-micro-orange-300x300.jpg\" alt=\"\" width=\"148\" height=\"148\" srcset=\"https:\/\/radio.funoc.be\/wp-content\/uploads\/2014\/06\/ld-systems-bonnette-pour-micro-orange-300x300.jpg 300w, https:\/\/radio.funoc.be\/wp-content\/uploads\/2014\/06\/ld-systems-bonnette-pour-micro-orange-150x150.jpg 150w, https:\/\/radio.funoc.be\/wp-content\/uploads\/2014\/06\/ld-systems-bonnette-pour-micro-orange-624x624.jpg 624w, https:\/\/radio.funoc.be\/wp-content\/uploads\/2014\/06\/ld-systems-bonnette-pour-micro-orange.jpg 800w\" sizes=\"(max-width: 148px) 100vw, 148px\" \/> La d\u00e9mocratie c&rsquo;est &#8230;. par Wafae<\/strong><\/p>\n<audio class=\"wp-audio-shortcode\" id=\"audio-2879-5\" preload=\"none\" style=\"width: 100%;\" controls=\"controls\"><source type=\"audio\/mpeg\" src=\"http:\/\/radio.funoc.be\/1018\/E5.mp3?_=5\" \/><a href=\"http:\/\/radio.funoc.be\/1018\/E5.mp3\">http:\/\/radio.funoc.be\/1018\/E5.mp3<\/a><\/audio>\n<p><strong><img loading=\"lazy\" class=\"alignnone wp-image-758\" src=\"http:\/\/radio.funoc.be\/wp-content\/uploads\/2014\/06\/ld-systems-bonnette-pour-micro-orange-300x300.jpg\" alt=\"\" width=\"148\" height=\"148\" srcset=\"https:\/\/radio.funoc.be\/wp-content\/uploads\/2014\/06\/ld-systems-bonnette-pour-micro-orange-300x300.jpg 300w, https:\/\/radio.funoc.be\/wp-content\/uploads\/2014\/06\/ld-systems-bonnette-pour-micro-orange-150x150.jpg 150w, https:\/\/radio.funoc.be\/wp-content\/uploads\/2014\/06\/ld-systems-bonnette-pour-micro-orange-624x624.jpg 624w, https:\/\/radio.funoc.be\/wp-content\/uploads\/2014\/06\/ld-systems-bonnette-pour-micro-orange.jpg 800w\" sizes=\"(max-width: 148px) 100vw, 148px\" \/> La th\u00e9matique par Sullivane<\/strong><\/p>\n<audio class=\"wp-audio-shortcode\" id=\"audio-2879-6\" preload=\"none\" style=\"width: 100%;\" controls=\"controls\"><source type=\"audio\/mpeg\" src=\"http:\/\/radio.funoc.be\/1018\/E6.mp3?_=6\" \/><a href=\"http:\/\/radio.funoc.be\/1018\/E6.mp3\">http:\/\/radio.funoc.be\/1018\/E6.mp3<\/a><\/audio>\n","protected":false},"excerpt":{"rendered":"<p>Bonjour \u00e0 tous. Les jeunes du huiti\u00e8me groupe City se pr\u00e9sentent, parlent du blason et \u00e9voquent la th\u00e9matique d\u00e9velopp\u00e9e dans ce module. Bonne \u00e9coute. LE TEXTE VERSION PDF C&rsquo;EST ICI Magali pour la pr\u00e9sentation du groupe http:\/\/radio.funoc.be\/1018\/E1.mp3 &nbsp; C\u00e9dric parle du blason http:\/\/radio.funoc.be\/1018\/E2.mp3 Christopher pr\u00e9sente le film \u00a0\u00bb La vague\u00a0\u00bb http:\/\/radio.funoc.be\/1018\/E3.mp3 L&rsquo;avis de Le\u00efla sur [&hellip;]<\/p>\n","protected":false},"author":1,"featured_media":0,"comment_status":"closed","ping_status":"closed","sticky":false,"template":"","format":"standard","meta":[],"categories":[5],"tags":[],"views":36481,"_links":{"self":[{"href":"https:\/\/radio.funoc.be\/index.php?rest_route=\/wp\/v2\/posts\/2879"}],"collection":[{"href":"https:\/\/radio.funoc.be\/index.php?rest_route=\/wp\/v2\/posts"}],"about":[{"href":"https:\/\/radio.funoc.be\/index.php?rest_route=\/wp\/v2\/types\/post"}],"author":[{"embeddable":true,"href":"https:\/\/radio.funoc.be\/index.php?rest_route=\/wp\/v2\/users\/1"}],"replies":[{"embeddable":true,"href":"https:\/\/radio.funoc.be\/index.php?rest_route=%2Fwp%2Fv2%2Fcomments&post=2879"}],"version-history":[{"count":13,"href":"https:\/\/radio.funoc.be\/index.php?rest_route=\/wp\/v2\/posts\/2879\/revisions"}],"predecessor-version":[{"id":2896,"href":"https:\/\/radio.funoc.be\/index.php?rest_route=\/wp\/v2\/posts\/2879\/revisions\/2896"}],"wp:attachment":[{"href":"https:\/\/radio.funoc.be\/index.php?rest_route=%2Fwp%2Fv2%2Fmedia&parent=2879"}],"wp:term":[{"taxonomy":"category","embeddable":true,"href":"https:\/\/radio.funoc.be\/index.php?rest_route=%2Fwp%2Fv2%2Fcategories&post=2879"},{"taxonomy":"post_tag","embeddable":true,"href":"https:\/\/radio.funoc.be\/index.php?rest_route=%2Fwp%2Fv2%2Ftags&post=2879"}],"curies":[{"name":"wp","href":"https:\/\/api.w.org\/{rel}","templated":true}]}}