{"id":2897,"date":"2018-10-07T12:06:22","date_gmt":"2018-10-07T11:06:22","guid":{"rendered":"http:\/\/radio.funoc.be\/?p=2897"},"modified":"2018-10-30T17:54:38","modified_gmt":"2018-10-30T16:54:38","slug":"article-de-novembre-2018-en-preparation","status":"publish","type":"post","link":"https:\/\/radio.funoc.be\/?p=2897","title":{"rendered":"Le Village de la D\u00e9mocratie"},"content":{"rendered":"<p><strong>Le 8\u00e8me groupe City vous pr\u00e9sente le Village de la D\u00e9mocratie qui s&rsquo;est d\u00e9roul\u00e9 \u00e0 Charleroi.<\/strong><\/p>\n<p><strong>Les \u00e9missions en version PDF c&rsquo;est<\/strong><span style=\"color: #0000ff;\"><strong> <a style=\"color: #0000ff;\" href=\"http:\/\/radio.funoc.be\/wp-content\/uploads\/2018\/10\/1118.odt\">ICI<\/a><\/strong><\/span><\/p>\n<p><img loading=\"lazy\" class=\"alignnone size-full wp-image-2902\" src=\"http:\/\/radio.funoc.be\/wp-content\/uploads\/2018\/10\/FullSizeRender1.jpg\" alt=\"\" width=\"640\" height=\"480\" \/><\/p>\n<p><strong>Pr\u00e9sentation par Andrew<\/strong><\/p>\n<!--[if lt IE 9]><script>document.createElement('audio');<\/script><![endif]-->\n<audio class=\"wp-audio-shortcode\" id=\"audio-2897-1\" preload=\"none\" style=\"width: 100%;\" controls=\"controls\"><source type=\"audio\/mpeg\" src=\"http:\/\/radio.funoc.be\/1118\/E1.mp3?_=1\" \/><a href=\"http:\/\/radio.funoc.be\/1118\/E1.mp3\">http:\/\/radio.funoc.be\/1118\/E1.mp3<\/a><\/audio>\n<p>&nbsp;<\/p>\n<p><img loading=\"lazy\" class=\"alignnone size-full wp-image-2324\" src=\"http:\/\/radio.funoc.be\/wp-content\/uploads\/2017\/05\/2.png\" alt=\"\" width=\"168\" height=\"158\" srcset=\"https:\/\/radio.funoc.be\/wp-content\/uploads\/2017\/05\/2.png 168w, https:\/\/radio.funoc.be\/wp-content\/uploads\/2017\/05\/2-150x141.png 150w\" sizes=\"(max-width: 168px) 100vw, 168px\" \/> <strong>D\u00e9mocratie et solidarit\u00e9 par Le\u00efla<\/strong><\/p>\n<audio class=\"wp-audio-shortcode\" id=\"audio-2897-2\" preload=\"none\" style=\"width: 100%;\" controls=\"controls\"><source type=\"audio\/mpeg\" src=\"http:\/\/radio.funoc.be\/1118\/E2.mp3?_=2\" \/><a href=\"http:\/\/radio.funoc.be\/1118\/E2.mp3\">http:\/\/radio.funoc.be\/1118\/E2.mp3<\/a><\/audio>\n<p>&nbsp;<\/p>\n<p><img loading=\"lazy\" class=\"alignnone size-full wp-image-2324\" src=\"http:\/\/radio.funoc.be\/wp-content\/uploads\/2017\/05\/2.png\" alt=\"\" width=\"168\" height=\"158\" srcset=\"https:\/\/radio.funoc.be\/wp-content\/uploads\/2017\/05\/2.png 168w, https:\/\/radio.funoc.be\/wp-content\/uploads\/2017\/05\/2-150x141.png 150w\" sizes=\"(max-width: 168px) 100vw, 168px\" \/> <strong>La pr\u00e9paration par Magali<\/strong><\/p>\n<audio class=\"wp-audio-shortcode\" id=\"audio-2897-3\" preload=\"none\" style=\"width: 100%;\" controls=\"controls\"><source type=\"audio\/mpeg\" src=\"http:\/\/radio.funoc.be\/1118\/E3.mp3?_=3\" \/><a href=\"http:\/\/radio.funoc.be\/1118\/E3.mp3\">http:\/\/radio.funoc.be\/1118\/E3.mp3<\/a><\/audio>\n<p>&nbsp;<\/p>\n<p><img loading=\"lazy\" class=\"alignnone size-full wp-image-2902\" src=\"http:\/\/radio.funoc.be\/wp-content\/uploads\/2018\/10\/FullSizeRender1.jpg\" alt=\"\" width=\"640\" height=\"480\" \/><strong>Le jour J par Andrew<\/strong><\/p>\n<audio class=\"wp-audio-shortcode\" id=\"audio-2897-4\" preload=\"none\" style=\"width: 100%;\" controls=\"controls\"><source type=\"audio\/mpeg\" src=\"http:\/\/radio.funoc.be\/1118\/E4.mp3?_=4\" \/><a href=\"http:\/\/radio.funoc.be\/1118\/E4.mp3\">http:\/\/radio.funoc.be\/1118\/E4.mp3<\/a><\/audio>\n<p>&nbsp;<\/p>\n<p><img loading=\"lazy\" class=\"alignnone size-full wp-image-2903\" src=\"http:\/\/radio.funoc.be\/wp-content\/uploads\/2018\/10\/FullSizeRender2.jpg\" alt=\"\" width=\"640\" height=\"500\" \/><\/p>\n<p><strong>Le r\u00e9sultat par Dresko<\/strong><\/p>\n<audio class=\"wp-audio-shortcode\" id=\"audio-2897-5\" preload=\"none\" style=\"width: 100%;\" controls=\"controls\"><source type=\"audio\/mpeg\" src=\"http:\/\/radio.funoc.be\/1118\/E5.mp3?_=5\" \/><a href=\"http:\/\/radio.funoc.be\/1118\/E5.mp3\">http:\/\/radio.funoc.be\/1118\/E5.mp3<\/a><\/audio>\n<p>&nbsp;<\/p>\n<p><img loading=\"lazy\" class=\"alignnone size-full wp-image-2901\" src=\"http:\/\/radio.funoc.be\/wp-content\/uploads\/2018\/10\/FullSizeRender.jpg\" alt=\"\" width=\"640\" height=\"456\" \/><\/p>\n<p><strong>L&rsquo;avis de Laurie<\/strong><\/p>\n<audio class=\"wp-audio-shortcode\" id=\"audio-2897-6\" preload=\"none\" style=\"width: 100%;\" controls=\"controls\"><source type=\"audio\/mpeg\" src=\"http:\/\/radio.funoc.be\/1118\/E6.mp3?_=6\" \/><a href=\"http:\/\/radio.funoc.be\/1118\/E6.mp3\">http:\/\/radio.funoc.be\/1118\/E6.mp3<\/a><\/audio>\n<p>&nbsp;<\/p>\n<p><img loading=\"lazy\" class=\"alignnone size-full wp-image-2903\" src=\"http:\/\/radio.funoc.be\/wp-content\/uploads\/2018\/10\/FullSizeRender2.jpg\" alt=\"\" width=\"640\" height=\"500\" \/><\/p>\n<p><strong>L&rsquo;avis de Dresko<\/strong><\/p>\n<audio class=\"wp-audio-shortcode\" id=\"audio-2897-7\" preload=\"none\" style=\"width: 100%;\" controls=\"controls\"><source type=\"audio\/mpeg\" src=\"http:\/\/radio.funoc.be\/1118\/E7.mp3?_=7\" \/><a href=\"http:\/\/radio.funoc.be\/1118\/E7.mp3\">http:\/\/radio.funoc.be\/1118\/E7.mp3<\/a><\/audio>\n<p>&nbsp;<\/p>\n<p><img loading=\"lazy\" class=\"alignnone size-full wp-image-2914\" src=\"http:\/\/radio.funoc.be\/wp-content\/uploads\/2018\/10\/45144645_583320822106787_6874415145196453888_n.jpg\" alt=\"\" width=\"1280\" height=\"1280\" \/><\/p>\n<p><strong>L&rsquo;avis de Sindy<\/strong><\/p>\n<audio class=\"wp-audio-shortcode\" id=\"audio-2897-8\" preload=\"none\" style=\"width: 100%;\" controls=\"controls\"><source type=\"audio\/mpeg\" src=\"http:\/\/radio.funoc.be\/1118\/E8.mp3?_=8\" \/><a href=\"http:\/\/radio.funoc.be\/1118\/E8.mp3\">http:\/\/radio.funoc.be\/1118\/E8.mp3<\/a><\/audio>\n","protected":false},"excerpt":{"rendered":"<p>Le 8\u00e8me groupe City vous pr\u00e9sente le Village de la D\u00e9mocratie qui s&rsquo;est d\u00e9roul\u00e9 \u00e0 Charleroi. Les \u00e9missions en version PDF c&rsquo;est ICI Pr\u00e9sentation par Andrew http:\/\/radio.funoc.be\/1118\/E1.mp3 &nbsp; D\u00e9mocratie et solidarit\u00e9 par Le\u00efla http:\/\/radio.funoc.be\/1118\/E2.mp3 &nbsp; La pr\u00e9paration par Magali http:\/\/radio.funoc.be\/1118\/E3.mp3 &nbsp; Le jour J par Andrew http:\/\/radio.funoc.be\/1118\/E4.mp3 &nbsp; Le r\u00e9sultat par Dresko http:\/\/radio.funoc.be\/1118\/E5.mp3 &nbsp; L&rsquo;avis [&hellip;]<\/p>\n","protected":false},"author":1,"featured_media":0,"comment_status":"closed","ping_status":"closed","sticky":false,"template":"","format":"standard","meta":[],"categories":[5],"tags":[119,66,120,118],"views":1968,"_links":{"self":[{"href":"https:\/\/radio.funoc.be\/index.php?rest_route=\/wp\/v2\/posts\/2897"}],"collection":[{"href":"https:\/\/radio.funoc.be\/index.php?rest_route=\/wp\/v2\/posts"}],"about":[{"href":"https:\/\/radio.funoc.be\/index.php?rest_route=\/wp\/v2\/types\/post"}],"author":[{"embeddable":true,"href":"https:\/\/radio.funoc.be\/index.php?rest_route=\/wp\/v2\/users\/1"}],"replies":[{"embeddable":true,"href":"https:\/\/radio.funoc.be\/index.php?rest_route=%2Fwp%2Fv2%2Fcomments&post=2897"}],"version-history":[{"count":13,"href":"https:\/\/radio.funoc.be\/index.php?rest_route=\/wp\/v2\/posts\/2897\/revisions"}],"predecessor-version":[{"id":2917,"href":"https:\/\/radio.funoc.be\/index.php?rest_route=\/wp\/v2\/posts\/2897\/revisions\/2917"}],"wp:attachment":[{"href":"https:\/\/radio.funoc.be\/index.php?rest_route=%2Fwp%2Fv2%2Fmedia&parent=2897"}],"wp:term":[{"taxonomy":"category","embeddable":true,"href":"https:\/\/radio.funoc.be\/index.php?rest_route=%2Fwp%2Fv2%2Fcategories&post=2897"},{"taxonomy":"post_tag","embeddable":true,"href":"https:\/\/radio.funoc.be\/index.php?rest_route=%2Fwp%2Fv2%2Ftags&post=2897"}],"curies":[{"name":"wp","href":"https:\/\/api.w.org\/{rel}","templated":true}]}}