{"id":3135,"date":"2019-04-30T18:42:55","date_gmt":"2019-04-30T17:42:55","guid":{"rendered":"http:\/\/radio.funoc.be\/?p=3135"},"modified":"2019-04-30T18:54:30","modified_gmt":"2019-04-30T17:54:30","slug":"le-10eme-groupe-city","status":"publish","type":"post","link":"https:\/\/radio.funoc.be\/?p=3135","title":{"rendered":"LE 10\u00e8me groupe CITY"},"content":{"rendered":"\n<p style=\"text-align:center\"><strong>Le 10\u00e8me groupe city est form\u00e9. Dans les \u00e9missions qui suivent, les jeunes vous pr\u00e9sentent leur groupe et la th\u00e9matique qu&rsquo;ils d\u00e9velopperont dans leur formation. Bonne \u00e9coute.<\/strong><br><\/p>\n\n\n\n<hr class=\"wp-block-separator\"\/>\n\n\n\n<figure class=\"wp-block-image is-resized\"><img loading=\"lazy\" src=\"http:\/\/radio.funoc.be\/wp-content\/uploads\/2019\/04\/IMG_0626.jpg\" alt=\"\" class=\"wp-image-3142\" width=\"640\" height=\"480\"\/><\/figure>\n\n\n\n<p><strong>Pr\u00e9sentation par Enora et Lionel<\/strong><\/p>\n\n\n\n<!--[if lt IE 9]><script>document.createElement('audio');<\/script><![endif]-->\n<audio class=\"wp-audio-shortcode\" id=\"audio-3135-1\" preload=\"none\" style=\"width: 100%;\" controls=\"controls\"><source type=\"audio\/mpeg\" src=\"http:\/\/radio.funoc.be\/0419\/E1.mp3?_=1\" \/><a href=\"http:\/\/radio.funoc.be\/0419\/E1.mp3\">http:\/\/radio.funoc.be\/0419\/E1.mp3<\/a><\/audio>\n\n\n\n<hr class=\"wp-block-separator\"\/>\n\n\n\n<figure class=\"wp-block-image is-resized\"><img loading=\"lazy\" src=\"http:\/\/radio.funoc.be\/wp-content\/uploads\/2019\/04\/Amnesty-International-logo-678x381.jpg\" alt=\"\" class=\"wp-image-3140\" width=\"509\" height=\"286\"\/><figcaption>Amnesty International<\/figcaption><\/figure>\n\n\n\n<p><strong>Amnesty International par Brenda<\/strong><\/p>\n\n\n\n<audio class=\"wp-audio-shortcode\" id=\"audio-3135-2\" preload=\"none\" style=\"width: 100%;\" controls=\"controls\"><source type=\"audio\/mpeg\" src=\"http:\/\/radio.funoc.be\/0419\/E2.mp3?_=2\" \/><a href=\"http:\/\/radio.funoc.be\/0419\/E2.mp3\">http:\/\/radio.funoc.be\/0419\/E2.mp3<\/a><\/audio>\n\n\n\n<hr class=\"wp-block-separator\"\/>\n\n\n\n<figure class=\"wp-block-image\"><img loading=\"lazy\" width=\"640\" height=\"610\" src=\"http:\/\/radio.funoc.be\/wp-content\/uploads\/2019\/04\/IMG_0628.jpg\" alt=\"\" class=\"wp-image-3143\"\/><\/figure>\n\n\n\n<p><strong>La th\u00e9matique par Th\u00e9a et Damarisse<\/strong><\/p>\n\n\n\n<audio class=\"wp-audio-shortcode\" id=\"audio-3135-3\" preload=\"none\" style=\"width: 100%;\" controls=\"controls\"><source type=\"audio\/mpeg\" src=\"http:\/\/radio.funoc.be\/0419\/E3.mp3?_=3\" \/><a href=\"http:\/\/radio.funoc.be\/0419\/E3.mp3\">http:\/\/radio.funoc.be\/0419\/E3.mp3<\/a><\/audio>\n","protected":false},"excerpt":{"rendered":"<p>Le 10\u00e8me groupe city est form\u00e9. Dans les \u00e9missions qui suivent, les jeunes vous pr\u00e9sentent leur groupe et la th\u00e9matique qu&rsquo;ils d\u00e9velopperont dans leur formation. Bonne \u00e9coute. Pr\u00e9sentation par Enora et Lionel http:\/\/radio.funoc.be\/0419\/E1.mp3 Amnesty International par Brenda http:\/\/radio.funoc.be\/0419\/E2.mp3 La th\u00e9matique par Th\u00e9a et Damarisse http:\/\/radio.funoc.be\/0419\/E3.mp3<\/p>\n","protected":false},"author":1,"featured_media":0,"comment_status":"closed","ping_status":"closed","sticky":false,"template":"","format":"standard","meta":[],"categories":[5],"tags":[125,124,111,123,66],"views":1977,"_links":{"self":[{"href":"https:\/\/radio.funoc.be\/index.php?rest_route=\/wp\/v2\/posts\/3135"}],"collection":[{"href":"https:\/\/radio.funoc.be\/index.php?rest_route=\/wp\/v2\/posts"}],"about":[{"href":"https:\/\/radio.funoc.be\/index.php?rest_route=\/wp\/v2\/types\/post"}],"author":[{"embeddable":true,"href":"https:\/\/radio.funoc.be\/index.php?rest_route=\/wp\/v2\/users\/1"}],"replies":[{"embeddable":true,"href":"https:\/\/radio.funoc.be\/index.php?rest_route=%2Fwp%2Fv2%2Fcomments&post=3135"}],"version-history":[{"count":5,"href":"https:\/\/radio.funoc.be\/index.php?rest_route=\/wp\/v2\/posts\/3135\/revisions"}],"predecessor-version":[{"id":3145,"href":"https:\/\/radio.funoc.be\/index.php?rest_route=\/wp\/v2\/posts\/3135\/revisions\/3145"}],"wp:attachment":[{"href":"https:\/\/radio.funoc.be\/index.php?rest_route=%2Fwp%2Fv2%2Fmedia&parent=3135"}],"wp:term":[{"taxonomy":"category","embeddable":true,"href":"https:\/\/radio.funoc.be\/index.php?rest_route=%2Fwp%2Fv2%2Fcategories&post=3135"},{"taxonomy":"post_tag","embeddable":true,"href":"https:\/\/radio.funoc.be\/index.php?rest_route=%2Fwp%2Fv2%2Ftags&post=3135"}],"curies":[{"name":"wp","href":"https:\/\/api.w.org\/{rel}","templated":true}]}}