{"id":694,"date":"2014-06-14T14:56:35","date_gmt":"2014-06-14T13:56:35","guid":{"rendered":"http:\/\/radio.funoc.be\/?p=694"},"modified":"2015-05-24T09:48:11","modified_gmt":"2015-05-24T08:48:11","slug":"dechiffrer-les-stereotypes-par-le-groupe-alpha-3-de-la-funoc","status":"publish","type":"post","link":"https:\/\/radio.funoc.be\/?p=694","title":{"rendered":"\u00ab\u00a0D\u00e9chiffrer les st\u00e9r\u00e9otypes\u00a0\u00bb un livre r\u00e9alis\u00e9 par le groupe Alpha 3 de la FUNOC"},"content":{"rendered":"<p><a href=\"http:\/\/radio.funoc.be\/wp-content\/uploads\/2014\/01\/photo2.jpg\"><img loading=\"lazy\" class=\"alignnone size-thumbnail wp-image-547\" style=\"border: 1px solid black;\" src=\"http:\/\/radio.funoc.be\/wp-content\/uploads\/2014\/01\/photo2-150x112.jpg\" alt=\"photo(2)\" width=\"150\" height=\"112\" srcset=\"https:\/\/radio.funoc.be\/wp-content\/uploads\/2014\/01\/photo2-150x112.jpg 150w, https:\/\/radio.funoc.be\/wp-content\/uploads\/2014\/01\/photo2-300x224.jpg 300w, https:\/\/radio.funoc.be\/wp-content\/uploads\/2014\/01\/photo2-1024x764.jpg 1024w, https:\/\/radio.funoc.be\/wp-content\/uploads\/2014\/01\/photo2-624x466.jpg 624w\" sizes=\"(max-width: 150px) 100vw, 150px\" \/><\/a> <strong>\u00ab\u00a0Un st\u00e9r\u00e9otype : c&rsquo;est quoi?\u00a0\u00bb par Rabha<\/strong><\/p>\n<!--[if lt IE 9]><script>document.createElement('audio');<\/script><![endif]-->\n<audio class=\"wp-audio-shortcode\" id=\"audio-694-1\" preload=\"none\" style=\"width: 100%;\" controls=\"controls\"><source type=\"audio\/mpeg\" src=\"http:\/\/radio.funoc.be\/P\/E1.mp3?_=1\" \/><a href=\"http:\/\/radio.funoc.be\/P\/E1.mp3\">http:\/\/radio.funoc.be\/P\/E1.mp3<\/a><\/audio>\n<p>&nbsp;<\/p>\n<p><a href=\"http:\/\/radio.funoc.be\/wp-content\/uploads\/2014\/06\/photo61.jpg\"><img loading=\"lazy\" class=\"alignnone size-thumbnail wp-image-705\" style=\"border: 1px solid black;\" src=\"http:\/\/radio.funoc.be\/wp-content\/uploads\/2014\/06\/photo61-150x112.jpg\" alt=\"photo(6)\" width=\"150\" height=\"112\" srcset=\"https:\/\/radio.funoc.be\/wp-content\/uploads\/2014\/06\/photo61-150x112.jpg 150w, https:\/\/radio.funoc.be\/wp-content\/uploads\/2014\/06\/photo61-300x224.jpg 300w, https:\/\/radio.funoc.be\/wp-content\/uploads\/2014\/06\/photo61-1024x764.jpg 1024w, https:\/\/radio.funoc.be\/wp-content\/uploads\/2014\/06\/photo61-624x466.jpg 624w\" sizes=\"(max-width: 150px) 100vw, 150px\" \/><\/a> <strong>Alain et le reste du groupe<\/strong><\/p>\n<audio class=\"wp-audio-shortcode\" id=\"audio-694-2\" preload=\"none\" style=\"width: 100%;\" controls=\"controls\"><source type=\"audio\/mpeg\" src=\"http:\/\/radio.funoc.be\/P\/E2.mp3?_=2\" \/><a href=\"http:\/\/radio.funoc.be\/P\/E2.mp3\">http:\/\/radio.funoc.be\/P\/E2.mp3<\/a><\/audio>\n<p>&nbsp;<\/p>\n<p><a href=\"http:\/\/radio.funoc.be\/wp-content\/uploads\/2014\/06\/les-mains-unies.jpg\"><img loading=\"lazy\" class=\"alignnone size-thumbnail wp-image-716\" style=\"border: 1px solid black;\" src=\"http:\/\/radio.funoc.be\/wp-content\/uploads\/2014\/06\/les-mains-unies-150x99.jpg\" alt=\"les-mains-unies\" width=\"150\" height=\"99\" srcset=\"https:\/\/radio.funoc.be\/wp-content\/uploads\/2014\/06\/les-mains-unies-150x99.jpg 150w, https:\/\/radio.funoc.be\/wp-content\/uploads\/2014\/06\/les-mains-unies.jpg 275w\" sizes=\"(max-width: 150px) 100vw, 150px\" \/><\/a> <strong>Alia et le reste du groupe<\/strong><\/p>\n<audio class=\"wp-audio-shortcode\" id=\"audio-694-3\" preload=\"none\" style=\"width: 100%;\" controls=\"controls\"><source type=\"audio\/mpeg\" src=\"http:\/\/radio.funoc.be\/P\/E3.mp3?_=3\" \/><a href=\"http:\/\/radio.funoc.be\/P\/E3.mp3\">http:\/\/radio.funoc.be\/P\/E3.mp3<\/a><\/audio>\n<p>&nbsp;<\/p>\n<p>&nbsp;<\/p>\n<p><a href=\"http:\/\/radio.funoc.be\/wp-content\/uploads\/2014\/06\/photo11.jpg\"><img loading=\"lazy\" class=\"alignnone size-thumbnail wp-image-713\" src=\"http:\/\/radio.funoc.be\/wp-content\/uploads\/2014\/06\/photo11-150x112.jpg\" alt=\"photo(1)\" width=\"150\" height=\"112\" srcset=\"https:\/\/radio.funoc.be\/wp-content\/uploads\/2014\/06\/photo11-150x112.jpg 150w, https:\/\/radio.funoc.be\/wp-content\/uploads\/2014\/06\/photo11-300x224.jpg 300w, https:\/\/radio.funoc.be\/wp-content\/uploads\/2014\/06\/photo11-1024x764.jpg 1024w, https:\/\/radio.funoc.be\/wp-content\/uploads\/2014\/06\/photo11-624x466.jpg 624w\" sizes=\"(max-width: 150px) 100vw, 150px\" \/><\/a> <strong>Diakoumba et le reste du groupe<\/strong><\/p>\n<audio class=\"wp-audio-shortcode\" id=\"audio-694-4\" preload=\"none\" style=\"width: 100%;\" controls=\"controls\"><source type=\"audio\/mpeg\" src=\"http:\/\/radio.funoc.be\/P\/E4.mp3?_=4\" \/><a href=\"http:\/\/radio.funoc.be\/P\/E4.mp3\">http:\/\/radio.funoc.be\/P\/E4.mp3<\/a><\/audio>\n<p>&nbsp;<\/p>\n<p><a href=\"http:\/\/radio.funoc.be\/wp-content\/uploads\/2014\/06\/les-mains-unies.jpg\"><img loading=\"lazy\" class=\"alignnone size-thumbnail wp-image-716\" style=\"border: 1px solid black;\" src=\"http:\/\/radio.funoc.be\/wp-content\/uploads\/2014\/06\/les-mains-unies-150x99.jpg\" alt=\"les-mains-unies\" width=\"150\" height=\"99\" srcset=\"https:\/\/radio.funoc.be\/wp-content\/uploads\/2014\/06\/les-mains-unies-150x99.jpg 150w, https:\/\/radio.funoc.be\/wp-content\/uploads\/2014\/06\/les-mains-unies.jpg 275w\" sizes=\"(max-width: 150px) 100vw, 150px\" \/><\/a> <strong>Alia et le reste du groupe<\/strong><\/p>\n<audio class=\"wp-audio-shortcode\" id=\"audio-694-5\" preload=\"none\" style=\"width: 100%;\" controls=\"controls\"><source type=\"audio\/mpeg\" src=\"http:\/\/radio.funoc.be\/P\/E5.mp3?_=5\" \/><a href=\"http:\/\/radio.funoc.be\/P\/E5.mp3\">http:\/\/radio.funoc.be\/P\/E5.mp3<\/a><\/audio>\n<p>&nbsp;<\/p>\n<p><a href=\"http:\/\/radio.funoc.be\/wp-content\/uploads\/2014\/06\/photo5.jpg\"><img loading=\"lazy\" class=\"alignnone size-thumbnail wp-image-710\" style=\"border: 1px solid black;\" src=\"http:\/\/radio.funoc.be\/wp-content\/uploads\/2014\/06\/photo5-150x112.jpg\" alt=\"photo(5)\" width=\"150\" height=\"112\" srcset=\"https:\/\/radio.funoc.be\/wp-content\/uploads\/2014\/06\/photo5-150x112.jpg 150w, https:\/\/radio.funoc.be\/wp-content\/uploads\/2014\/06\/photo5-300x224.jpg 300w, https:\/\/radio.funoc.be\/wp-content\/uploads\/2014\/06\/photo5-1024x764.jpg 1024w, https:\/\/radio.funoc.be\/wp-content\/uploads\/2014\/06\/photo5-624x466.jpg 624w\" sizes=\"(max-width: 150px) 100vw, 150px\" \/><\/a><strong> Aziza et le reste du groupe<\/strong><\/p>\n<audio class=\"wp-audio-shortcode\" id=\"audio-694-6\" preload=\"none\" style=\"width: 100%;\" controls=\"controls\"><source type=\"audio\/mpeg\" src=\"http:\/\/radio.funoc.be\/P\/E9.mp3?_=6\" \/><a href=\"http:\/\/radio.funoc.be\/P\/E9.mp3\">http:\/\/radio.funoc.be\/P\/E9.mp3<\/a><\/audio>\n<p>&nbsp;<\/p>\n<p>&nbsp;<\/p>\n<p>&nbsp;<\/p>\n","protected":false},"excerpt":{"rendered":"<p>\u00ab\u00a0Un st\u00e9r\u00e9otype : c&rsquo;est quoi?\u00a0\u00bb par Rabha http:\/\/radio.funoc.be\/P\/E1.mp3 &nbsp; Alain et le reste du groupe http:\/\/radio.funoc.be\/P\/E2.mp3 &nbsp; Alia et le reste du groupe http:\/\/radio.funoc.be\/P\/E3.mp3 &nbsp; &nbsp; Diakoumba et le reste du groupe http:\/\/radio.funoc.be\/P\/E4.mp3 &nbsp; Alia et le reste du groupe http:\/\/radio.funoc.be\/P\/E5.mp3 &nbsp; Aziza et le reste du groupe http:\/\/radio.funoc.be\/P\/E9.mp3 &nbsp; &nbsp; &nbsp;<\/p>\n","protected":false},"author":1,"featured_media":0,"comment_status":"closed","ping_status":"closed","sticky":false,"template":"","format":"standard","meta":[],"categories":[5],"tags":[32],"views":2270,"_links":{"self":[{"href":"https:\/\/radio.funoc.be\/index.php?rest_route=\/wp\/v2\/posts\/694"}],"collection":[{"href":"https:\/\/radio.funoc.be\/index.php?rest_route=\/wp\/v2\/posts"}],"about":[{"href":"https:\/\/radio.funoc.be\/index.php?rest_route=\/wp\/v2\/types\/post"}],"author":[{"embeddable":true,"href":"https:\/\/radio.funoc.be\/index.php?rest_route=\/wp\/v2\/users\/1"}],"replies":[{"embeddable":true,"href":"https:\/\/radio.funoc.be\/index.php?rest_route=%2Fwp%2Fv2%2Fcomments&post=694"}],"version-history":[{"count":16,"href":"https:\/\/radio.funoc.be\/index.php?rest_route=\/wp\/v2\/posts\/694\/revisions"}],"predecessor-version":[{"id":1334,"href":"https:\/\/radio.funoc.be\/index.php?rest_route=\/wp\/v2\/posts\/694\/revisions\/1334"}],"wp:attachment":[{"href":"https:\/\/radio.funoc.be\/index.php?rest_route=%2Fwp%2Fv2%2Fmedia&parent=694"}],"wp:term":[{"taxonomy":"category","embeddable":true,"href":"https:\/\/radio.funoc.be\/index.php?rest_route=%2Fwp%2Fv2%2Fcategories&post=694"},{"taxonomy":"post_tag","embeddable":true,"href":"https:\/\/radio.funoc.be\/index.php?rest_route=%2Fwp%2Fv2%2Ftags&post=694"}],"curies":[{"name":"wp","href":"https:\/\/api.w.org\/{rel}","templated":true}]}}